{"id":257663,"date":"2025-03-30T06:58:21","date_gmt":"2025-03-30T06:58:21","guid":{"rendered":"https:\/\/globetimeline.com\/ar\/politics\/rewrite-this-title-in-arabic-thousands-attend-chp-rally-in-istanbul-against-mayor-ekrem-imamoglus-arrest-2\/"},"modified":"2025-03-30T06:58:22","modified_gmt":"2025-03-30T06:58:22","slug":"rewrite-this-title-in-arabic-thousands-attend-chp-rally-in-istanbul-against-mayor-ekrem-imamoglus-arrest-2","status":"publish","type":"post","link":"https:\/\/globetimeline.com\/ar\/politics\/rewrite-this-title-in-arabic-thousands-attend-chp-rally-in-istanbul-against-mayor-ekrem-imamoglus-arrest-2\/","title":{"rendered":"rewrite this title in Arabic Thousands attend CHP rally in Istanbul against mayor Ekrem \u0130mamo\u011flu&#8217;s arrest"},"content":{"rendered":"<p>Summarize this content to 2000 words in 6 paragraphs in Arabic<br \/>\n        \u0130mamo\u011flu, widely seen as the main political challenger to President Recep Tayyip Erdogan&#8217;s 22-year rule,  was jailed on 23 March pending trial on corruption charges.<br \/>\n    ADVERTISEMENTHundreds of thousands of protesters have congregated in Istanbul to how their support for the city&#8217;s imprisoned mayor and demand his release.Turkey&#8217;s main opposition party, the Republican People&#8217;s Party (CHP) organised the demonstration, the latest in a series of protests that have resulted\u00a0in hundreds of arrests and have dialled up the pressure on the country&#8217;s long-time leader, President Recep Tayyip Erdo\u011fan.Istanbul Mayor Ekrem \u0130mamo\u011flu, a key political rival to Erdo\u011fan, was detained on 19 March on corruption and terrorism charges that many saw as politically motivated.The government insists the judiciary is independent and free of political interference.His detention, and later formal arrest on corruption charges on 23 March,\u00a0sparked nationwide protests despite assembly bans, police crackdowns and legal prosecution by authorities.&#8221;They&#8217;ve detained hundreds of our children, thousands of our youths&#8230; arrested hundreds of them,&#8221; CHP leader \u00d6zg\u00fcr \u00d6zel told protesters.&#8221;They only had one goal in mind: to intimidate them, terrify them, make sure they never go out again.&#8221;Interior Minister Ali Yerlikaya said on Thursday that nearly 1,900 people had been detained since 19 March and pro-government media reported on Friday that\u00a0public prosecutors had requested up to three years imprisonment for 74 of the detainees.Police kept their distance at Saturday&#8217;s rally with no new arrests reported.\u00d6zel called for the\u00a0immediate release of \u0130mamo\u011flu, as well as for other political prisoners including Selahattin Demirta\u015f, a former presidential candidate and founder of the pro-Kurdish Peoples&#8217; Equality and Democracy Party (DEM).&#8221;In the Turkey we envision, presidential candidates will not be imprisoned,&#8221; added \u00d6zel.Last Sunday, hours after he had been formally arrested, \u0130mamo\u011flu won a symbolic primary to be the CHP&#8217;s candidate in a presidential election currently scheduled for 2028, but which is likely to take place earlier.\u00d6zel noted they would begin collecting signatures for \u0130mamo\u011flu&#8217;s release and also to demand an early election.<\/p>\n","protected":false},"excerpt":{"rendered":"<p>Summarize this content to 2000 words in 6 paragraphs in Arabic \u0130mamo\u011flu, widely seen as the main political challenger to President Recep Tayyip Erdogan&#8217;s 22-year rule, was jailed on 23 March pending trial on corruption charges. ADVERTISEMENTHundreds of thousands of protesters have congregated in Istanbul to how their support for the city&#8217;s imprisoned mayor and<\/p>\n","protected":false},"author":1,"featured_media":257664,"comment_status":"open","ping_status":"open","sticky":false,"template":"","format":"standard","meta":{"footnotes":""},"categories":[60],"tags":[],"class_list":{"0":"post-257663","1":"post","2":"type-post","3":"status-publish","4":"format-standard","5":"has-post-thumbnail","7":"category-politics"},"_links":{"self":[{"href":"https:\/\/globetimeline.com\/ar\/wp-json\/wp\/v2\/posts\/257663","targetHints":{"allow":["GET"]}}],"collection":[{"href":"https:\/\/globetimeline.com\/ar\/wp-json\/wp\/v2\/posts"}],"about":[{"href":"https:\/\/globetimeline.com\/ar\/wp-json\/wp\/v2\/types\/post"}],"author":[{"embeddable":true,"href":"https:\/\/globetimeline.com\/ar\/wp-json\/wp\/v2\/users\/1"}],"replies":[{"embeddable":true,"href":"https:\/\/globetimeline.com\/ar\/wp-json\/wp\/v2\/comments?post=257663"}],"version-history":[{"count":1,"href":"https:\/\/globetimeline.com\/ar\/wp-json\/wp\/v2\/posts\/257663\/revisions"}],"predecessor-version":[{"id":257665,"href":"https:\/\/globetimeline.com\/ar\/wp-json\/wp\/v2\/posts\/257663\/revisions\/257665"}],"wp:featuredmedia":[{"embeddable":true,"href":"https:\/\/globetimeline.com\/ar\/wp-json\/wp\/v2\/media\/257664"}],"wp:attachment":[{"href":"https:\/\/globetimeline.com\/ar\/wp-json\/wp\/v2\/media?parent=257663"}],"wp:term":[{"taxonomy":"category","embeddable":true,"href":"https:\/\/globetimeline.com\/ar\/wp-json\/wp\/v2\/categories?post=257663"},{"taxonomy":"post_tag","embeddable":true,"href":"https:\/\/globetimeline.com\/ar\/wp-json\/wp\/v2\/tags?post=257663"}],"curies":[{"name":"wp","href":"https:\/\/api.w.org\/{rel}","templated":true}]}}