{"id":254270,"date":"2025-03-27T03:48:01","date_gmt":"2025-03-27T03:48:01","guid":{"rendered":"https:\/\/globetimeline.com\/ar\/politics\/rewrite-this-title-in-arabic-erdogan-accuses-turkeys-opposition-of-wrecking-economy-as-protests-continue\/"},"modified":"2025-03-27T03:48:02","modified_gmt":"2025-03-27T03:48:02","slug":"rewrite-this-title-in-arabic-erdogan-accuses-turkeys-opposition-of-wrecking-economy-as-protests-continue","status":"publish","type":"post","link":"https:\/\/globetimeline.com\/ar\/politics\/rewrite-this-title-in-arabic-erdogan-accuses-turkeys-opposition-of-wrecking-economy-as-protests-continue\/","title":{"rendered":"rewrite this title in Arabic Erdo\u011fan accuses Turkey&#8217;s opposition of wrecking economy as protests continue"},"content":{"rendered":"<p>Summarize this content to 2000 words in 6 paragraphs in Arabic<br \/>\n        Many consider the case against Istanbul mayor Ekrem \u0130mamo\u011flu, seen as the biggest challenger to Erdo\u011fan\u2019s 22-year rule, to be politically motivated.<br \/>\n    ADVERTISEMENTTurkey&#8217;s president has accused the political opposition of &#8220;sinking the economy&#8221; during\u00a0the country&#8217;s biggest protests in more than a decade following the arrest of\u00a0Istanbul&#8217;s mayor, Ekrem \u0130mamo\u011flu.Recep Tayyip Erdo\u011fan&#8217;s comments come after \u0130mamo\u011flu&#8217;s Republican People&#8217;s Party (CHP) called for a boycott of companies it says support the government.Erdo\u011fan said the opposition is &#8220;so desperate that they would throw the country and the nation into the fire&#8221;.In an address to lawmakers of the ruling Justice and Development Party (AK Parti), Erdo\u011fan added that &#8220;sabotage targeting the Turkish economy will be held accountable before the courts&#8221;.\u0130mamo\u011flu, who was arrested a week ago, faces\u00a0charges related to corruption and supporting a terrorist group within the Istanbul municipality alongside 90 other suspects.A court ordered him to be imprisoned on Sunday. A trial date has not been announced.Many consider the case against \u0130mamo\u011flu, seen as the biggest challenger to Erdo\u011fan&#8217;s 22-year rule, to be politically motivated, but the government says the judiciary is free of political influence.The evidence against \u0130mamo\u011flu has not been officially disclosed. Many Turkish media outlets have reported that it is largely based on &#8220;secret witnesses&#8221;.The use of such testimony has been seen in previous criminal cases against opposition politicians.The head of the opposition Iyi Party, Musavat Dervi\u015fo\u011flu, questioned the dearth of public evidence relating to the corruption charge.&#8221;Dozens of inspectors have gone, 1,300 inspections have been made, nothing has come out of these inspections,&#8221; he told his lawmakers.Members of Istanbul&#8217;s municipality voted on Wednesday for a proxy mayor to stand in for \u0130mamo\u011flu, with CHP party members choosing Nuri Aslan, \u0130mamo\u011flu&#8217;s deputy.While the CHP has said it will no longer organise mass rallies at City Hall, students across Turkey have continued to protest.Demonstrations in Istanbul, Ankara and Izmir, as well as smaller cities and towns, have been largely peaceful with protesters demanding \u0130mamo\u011flu\u2019s release and an end to democratic backsliding.Interior Minister Ali Yerlikaya has said that 1,418 people have been detained in the past week in connection with the protests.ADVERTISEMENTEgitim-Sen, a trade union representing teachers and university lecturers, said its Istanbul University representative had been detained. Student leftist groups said some of their members were also detained at their homes.Turkey is not due for another presidential election until 2028, but it&#8217;s possible that Erdo\u011fan will call an early vote to seek another term.\u0130mamo\u011flu has been confirmed as the candidate for the CHP and has performed well in recent polls against Erdo\u011fan.His election as mayor of Istanbul in 2019 was a major blow to Erdo\u011fan and his party, which controlled Turkey&#8217;s largest city for 25 years.ADVERTISEMENT<\/p>\n","protected":false},"excerpt":{"rendered":"<p>Summarize this content to 2000 words in 6 paragraphs in Arabic Many consider the case against Istanbul mayor Ekrem \u0130mamo\u011flu, seen as the biggest challenger to Erdo\u011fan\u2019s 22-year rule, to be politically motivated. ADVERTISEMENTTurkey&#8217;s president has accused the political opposition of &#8220;sinking the economy&#8221; during\u00a0the country&#8217;s biggest protests in more than a decade following the<\/p>\n","protected":false},"author":1,"featured_media":254271,"comment_status":"open","ping_status":"open","sticky":false,"template":"","format":"standard","meta":{"footnotes":""},"categories":[60],"tags":[],"class_list":{"0":"post-254270","1":"post","2":"type-post","3":"status-publish","4":"format-standard","5":"has-post-thumbnail","7":"category-politics"},"_links":{"self":[{"href":"https:\/\/globetimeline.com\/ar\/wp-json\/wp\/v2\/posts\/254270","targetHints":{"allow":["GET"]}}],"collection":[{"href":"https:\/\/globetimeline.com\/ar\/wp-json\/wp\/v2\/posts"}],"about":[{"href":"https:\/\/globetimeline.com\/ar\/wp-json\/wp\/v2\/types\/post"}],"author":[{"embeddable":true,"href":"https:\/\/globetimeline.com\/ar\/wp-json\/wp\/v2\/users\/1"}],"replies":[{"embeddable":true,"href":"https:\/\/globetimeline.com\/ar\/wp-json\/wp\/v2\/comments?post=254270"}],"version-history":[{"count":1,"href":"https:\/\/globetimeline.com\/ar\/wp-json\/wp\/v2\/posts\/254270\/revisions"}],"predecessor-version":[{"id":254272,"href":"https:\/\/globetimeline.com\/ar\/wp-json\/wp\/v2\/posts\/254270\/revisions\/254272"}],"wp:featuredmedia":[{"embeddable":true,"href":"https:\/\/globetimeline.com\/ar\/wp-json\/wp\/v2\/media\/254271"}],"wp:attachment":[{"href":"https:\/\/globetimeline.com\/ar\/wp-json\/wp\/v2\/media?parent=254270"}],"wp:term":[{"taxonomy":"category","embeddable":true,"href":"https:\/\/globetimeline.com\/ar\/wp-json\/wp\/v2\/categories?post=254270"},{"taxonomy":"post_tag","embeddable":true,"href":"https:\/\/globetimeline.com\/ar\/wp-json\/wp\/v2\/tags?post=254270"}],"curies":[{"name":"wp","href":"https:\/\/api.w.org\/{rel}","templated":true}]}}