{"id":252048,"date":"2025-03-25T02:35:13","date_gmt":"2025-03-25T02:35:13","guid":{"rendered":"https:\/\/globetimeline.com\/ar\/politics\/rewrite-this-title-in-arabic-brussels-questions-arrest-of-istanbul-mayor-without-condemning-it\/"},"modified":"2025-03-25T02:35:14","modified_gmt":"2025-03-25T02:35:14","slug":"rewrite-this-title-in-arabic-brussels-questions-arrest-of-istanbul-mayor-without-condemning-it","status":"publish","type":"post","link":"https:\/\/globetimeline.com\/ar\/politics\/rewrite-this-title-in-arabic-brussels-questions-arrest-of-istanbul-mayor-without-condemning-it\/","title":{"rendered":"rewrite this title in Arabic Brussels questions arrest of Istanbul mayor, without condemning it"},"content":{"rendered":"<p>Summarize this content to 2000 words in 6 paragraphs in Arabic<br \/>\n        The mass protests triggered by Ekrem \u0130mamo\u011flu&#8217;s arrest come as the EU tries to deepen its engagement with Turkey over Syria and Ukraine.<br \/>\n    ADVERTISEMENTThe arrest of Ekrem \u0130mamo\u011flu, the mayor of Istanbul, raises questions about Turkey&#8217;s &#8220;adherence to its long-established democratic tradition,&#8221; the European Commission has said in reaction, stopping short of an explicit condemnation.\u0130mamo\u011flu has been jailed pending trial.&#8221;As an EU candidate, T\u00fcrkiye must uphold democratic values. The rights of elected officials, as well as the right of peaceful demonstration, need to be fully respected,&#8221; a Commission spokesperson said on Monday.&#8221;We want T\u00fcrkiye to remain anchored to Europe, but it requires a clear commitment to democratic norms and practices. And it&#8217;s key that T\u00fcrkiye respects those fundamental principles,&#8221; the spokesperson added.Turkish authorities jailed \u0130mamo\u011flu on Sunday after having charged him with corruption, extortion, bribery and money laundering, as well as aiding a terrorist group over his electoral alliance with a pro-Kurdish party. \u0130mamo\u011flu and his lawyers have vigorously refuted the accusations, calling them fabricated and politically motivated. The Interior Minister later removed him from his office as a &#8220;temporary measure&#8221;.&#8221;Today, T\u00fcrkiye woke up to a profound betrayal.\u00a0The ongoing judicial process is far from being fair \u2013 it is an execution without trial,&#8221; \u0130mamo\u011flu wrote on social media.\u0130mamo\u011flu&#8217;s detention has sparked days of consecutive mass protests across Turkey, described as the largest demonstrations in more than a decade. A member of the Republican People&#8217;s Party (CHP), \u0130mamo\u011flu was considered a top contender for the 2028 presidential election. In a primary held on Sunday, days after the arrest, he was chosen as the CHP&#8217;s lead candidate with the votes of 1.7 million party members and 13.2 million non-party members.CHP is the second largest party in the Turkish parliament after President Recep Tayyip Erdo\u011fan&#8217;s AK Party. Erdo\u011fan is term-bound and not allowed to run again in 2018, although the constitution could be amended to enable a third term.The opposition has described \u0130mamo\u011flu&#8217;s imprisonment as an act of retaliation from Erdo\u011fan to derail the electoral hopes of his biggest challenger. The government rejects this accusation and insists that Turkey&#8217;s courts operate independently.The Council of Europe, a human rights organisation based in Strasbourg, has condemned \u0130mamo\u011flu&#8217;s arrest and demanded his &#8220;immediate release&#8221;.&#8221;This is a calculated move aimed at undermining the integrity and fairness of electoral processes and amounts to an assault on democracy,&#8221; the president of the Congress of Local and Regional Authorities of the Council of Europe, Marc Cools, said in a statement, adding the charges of corruption and terrorism &#8220;appear to be a sham&#8221;.The French Foreign Minister was also highly critical, speaking of a &#8220;serious attack on democracy&#8221; and urging Turkey to abide by the legal &#8220;commitments&#8221; it has &#8220;freely entered into&#8221; as an EU candidate country.The German Foreign Ministry described the arrest as a setback for democracy. &#8220;Political competition must not be conducted through courts and prisons,&#8221; a spokesperson said. &#8220;We expect the allegations to be transparently investigated as quickly as possible and for proceedings to be conducted on the basis of the rule of law.&#8221;ADVERTISEMENTGradual rapprochementBut in the European Commission&#8217;s press room, the reaction was notably more restrained, reflecting the tightrope that Brussels is trying to walk with Ankara.Turkey&#8217;s strategic importance for the bloc has been amplified by two recent geopolitical developments: the fall of Bashar al-Assad in Syria and the negotiations launched by Donald Trump to end Russia&#8217;s war on Ukraine. President Erdo\u011fan has expressed a keen interest in the coalition of the willing that France and the United Kingdom have established to provide security guarantees for Kyiv and safeguard a potential settlement with Moscow. Turkey has the second-largest military in NATO and enjoys a strategically valuable location in the Black Sea. Erdo\u011fan has taken part in several virtual meetings with European leaders, most recently on Friday, when he was briefed by Ursula von der Leyen, the president of the European Commission; Ant\u00f3nio Costa, the president of the European Council; and High Representative Kaja Kallas about the results of an EU summit in Brussels. ADVERTISEMENTAdditionally, the European Commission plans to hold two high-level dialogues with Turkey in the coming weeks focused on the economy and migration. Asked if \u0130mamo\u011flu&#8217;s imprisonment and the mass protests would make Brussels reconsider its rapprochement with Ankara, a Commission spokesperson said: &#8220;We are following very closely the situation in T\u00fcrkiye, but I would not be able to tell you more on what it means for our engagement at this stage. Our position is very clear.&#8221;Turkey was declared a candidate country in 1999 but its accession has been derailed by democratic backsliding and concerns about the bloc&#8217;s &#8220;absorption capacity&#8221;. Negotiations were officially put on hold in 2018, two years after a coup d&#8217;\u00e9tat attempt that saw Erdo\u011fan strengthen his grip on power and stifle opposition voices.In its latest enlargement report, the Commission identified numerous shortcomings and a widespread lack of reforms in the area of democracy and fundamental rights.ADVERTISEMENT&#8221;The presidential system continues to be characterised by a lack of checks and balances,&#8221; the report said. &#8220;The government&#8217;s pressure on mayors from opposition parties continued to weaken local democracy.&#8221;<\/p>\n","protected":false},"excerpt":{"rendered":"<p>Summarize this content to 2000 words in 6 paragraphs in Arabic The mass protests triggered by Ekrem \u0130mamo\u011flu&#8217;s arrest come as the EU tries to deepen its engagement with Turkey over Syria and Ukraine. ADVERTISEMENTThe arrest of Ekrem \u0130mamo\u011flu, the mayor of Istanbul, raises questions about Turkey&#8217;s &#8220;adherence to its long-established democratic tradition,&#8221; the European<\/p>\n","protected":false},"author":1,"featured_media":252049,"comment_status":"open","ping_status":"open","sticky":false,"template":"","format":"standard","meta":{"footnotes":""},"categories":[60],"tags":[],"class_list":{"0":"post-252048","1":"post","2":"type-post","3":"status-publish","4":"format-standard","5":"has-post-thumbnail","7":"category-politics"},"_links":{"self":[{"href":"https:\/\/globetimeline.com\/ar\/wp-json\/wp\/v2\/posts\/252048","targetHints":{"allow":["GET"]}}],"collection":[{"href":"https:\/\/globetimeline.com\/ar\/wp-json\/wp\/v2\/posts"}],"about":[{"href":"https:\/\/globetimeline.com\/ar\/wp-json\/wp\/v2\/types\/post"}],"author":[{"embeddable":true,"href":"https:\/\/globetimeline.com\/ar\/wp-json\/wp\/v2\/users\/1"}],"replies":[{"embeddable":true,"href":"https:\/\/globetimeline.com\/ar\/wp-json\/wp\/v2\/comments?post=252048"}],"version-history":[{"count":1,"href":"https:\/\/globetimeline.com\/ar\/wp-json\/wp\/v2\/posts\/252048\/revisions"}],"predecessor-version":[{"id":252050,"href":"https:\/\/globetimeline.com\/ar\/wp-json\/wp\/v2\/posts\/252048\/revisions\/252050"}],"wp:featuredmedia":[{"embeddable":true,"href":"https:\/\/globetimeline.com\/ar\/wp-json\/wp\/v2\/media\/252049"}],"wp:attachment":[{"href":"https:\/\/globetimeline.com\/ar\/wp-json\/wp\/v2\/media?parent=252048"}],"wp:term":[{"taxonomy":"category","embeddable":true,"href":"https:\/\/globetimeline.com\/ar\/wp-json\/wp\/v2\/categories?post=252048"},{"taxonomy":"post_tag","embeddable":true,"href":"https:\/\/globetimeline.com\/ar\/wp-json\/wp\/v2\/tags?post=252048"}],"curies":[{"name":"wp","href":"https:\/\/api.w.org\/{rel}","templated":true}]}}