{"id":245693,"date":"2025-03-18T16:01:05","date_gmt":"2025-03-18T16:01:05","guid":{"rendered":"https:\/\/globetimeline.com\/ar\/politics\/rewrite-this-title-in-arabic-hungary-passes-law-banning-pride-events-in-new-blow-to-lgbtq-rights\/"},"modified":"2025-03-18T16:01:06","modified_gmt":"2025-03-18T16:01:06","slug":"rewrite-this-title-in-arabic-hungary-passes-law-banning-pride-events-in-new-blow-to-lgbtq-rights","status":"publish","type":"post","link":"https:\/\/globetimeline.com\/ar\/politics\/rewrite-this-title-in-arabic-hungary-passes-law-banning-pride-events-in-new-blow-to-lgbtq-rights\/","title":{"rendered":"rewrite this title in Arabic Hungary passes law banning Pride events in new blow to LGBTQ+ rights"},"content":{"rendered":"<p>Summarize this content to 2000 words in 6 paragraphs in Arabic<br \/>\n        Attending a banned event will carry fines up to about \u20ac500, and authorities will be able to use facial recognition tools to identify attendees.<br \/>\n    ADVERTISEMENTHungary&#8217;s parliament passed a law on Tuesday banning Pride events and allowing police to use facial recognition software to identify attendees, continuing a crackdown by Prime Minister Viktor Orb\u00e1n\u2019s right-wing populist party on the country&#8217;s LBGTQ+ community.The legislation, supported by Orb\u00e1n\u2019s Fidesz party and their minority coalition partner the Christian Democrats, passed in a 136-27 vote. It was pushed through parliament in an accelerated procedure after being submitted only a day earlier.It amends Hungary\u2019s law on assembly to make it an offence to hold or attend events that violate the country&#8217;s contentious &#8220;child protection&#8221; legislation, which prohibits the &#8220;depiction or promotion&#8221; of homosexuality to anyone aged under 18.Attending a banned event will carry fines up to 200,000 Hungarian forints (\u20ac503), which the state must forward to &#8220;child protection,&#8221; according to the text of the law. Authorities may use facial recognition tools to identify people attending a prohibited event, it says.As the vote was being held, opposition lawmakers from the Momentum party ignited smoke bombs in the chamber, filling it with thick plumes of colourful smoke.In a statement on Monday after lawmakers first submitted the bill, Budapest Pride organisers said the aim of the law was to &#8220;scapegoat&#8221; the LGBTQ+ community in order to silence voices critical of Orb\u00e1n\u2019s government.&#8221;This is not child protection, it is fascism,&#8221; said M\u00e1t\u00e9 Heged\u0171s, press officer for the event. &#8220;Pride is a movement that cannot be banned.&#8221;Hungary&#8217;s LGBTQ+ crackdownThe new legislation is the latest measure against LGBTQ+ individuals taken by Orb\u00e1n, whose government has passed other laws that rights groups and other European politicians have decried as repressive against sexual minorities.Hungary\u2019s government portrays itself as a champion of traditional family values and a defender of Christian civilisation from what it calls &#8220;gender madness,&#8221; and argues that its policies are designed to protect children from &#8220;sexual propaganda&#8221;.In a speech in February, Orb\u00e1n hinted that his government would take steps to ban the Budapest Pride event, which attracts thousands and celebrates the history of the LGBTQ+ movement. Hadja Lahbib, the European Commissioner for Equality, Preparedness and Crisis Management, said the decision to ban Budapest Pride was a &#8220;ban on fundamental rights&#8221;.&#8221;(The ban is) a trampling of freedom, dignity and human rights that should not be up for debate,&#8221; she told Euronews. &#8220;Freedom of expression and peaceful assembly are fundamental European values that must be preserved and guaranteed for everyone, everywhere,&#8221; Lahbib added. &#8220;We stand with the LGBTQ+ community in Hungary and beyond. Equality is not up for debate.&#8221;Amnesty International said the law was &#8220;a full-frontal attack&#8221; on the LGBTQ+ community.&#8221;On the eve of the 30th anniversary of Budapest Pride in June, this harmful ban turns the clock back three decades, further undermining the hard-won rights of LGBTI people in Hungary,&#8221; D\u00e1vid Vig, director of Amnesty International Hungary, said in a statement.\u00a0<\/p>\n","protected":false},"excerpt":{"rendered":"<p>Summarize this content to 2000 words in 6 paragraphs in Arabic Attending a banned event will carry fines up to about \u20ac500, and authorities will be able to use facial recognition tools to identify attendees. ADVERTISEMENTHungary&#8217;s parliament passed a law on Tuesday banning Pride events and allowing police to use facial recognition software to identify<\/p>\n","protected":false},"author":1,"featured_media":245694,"comment_status":"open","ping_status":"open","sticky":false,"template":"","format":"standard","meta":{"footnotes":""},"categories":[60],"tags":[],"class_list":{"0":"post-245693","1":"post","2":"type-post","3":"status-publish","4":"format-standard","5":"has-post-thumbnail","7":"category-politics"},"_links":{"self":[{"href":"https:\/\/globetimeline.com\/ar\/wp-json\/wp\/v2\/posts\/245693","targetHints":{"allow":["GET"]}}],"collection":[{"href":"https:\/\/globetimeline.com\/ar\/wp-json\/wp\/v2\/posts"}],"about":[{"href":"https:\/\/globetimeline.com\/ar\/wp-json\/wp\/v2\/types\/post"}],"author":[{"embeddable":true,"href":"https:\/\/globetimeline.com\/ar\/wp-json\/wp\/v2\/users\/1"}],"replies":[{"embeddable":true,"href":"https:\/\/globetimeline.com\/ar\/wp-json\/wp\/v2\/comments?post=245693"}],"version-history":[{"count":1,"href":"https:\/\/globetimeline.com\/ar\/wp-json\/wp\/v2\/posts\/245693\/revisions"}],"predecessor-version":[{"id":245695,"href":"https:\/\/globetimeline.com\/ar\/wp-json\/wp\/v2\/posts\/245693\/revisions\/245695"}],"wp:featuredmedia":[{"embeddable":true,"href":"https:\/\/globetimeline.com\/ar\/wp-json\/wp\/v2\/media\/245694"}],"wp:attachment":[{"href":"https:\/\/globetimeline.com\/ar\/wp-json\/wp\/v2\/media?parent=245693"}],"wp:term":[{"taxonomy":"category","embeddable":true,"href":"https:\/\/globetimeline.com\/ar\/wp-json\/wp\/v2\/categories?post=245693"},{"taxonomy":"post_tag","embeddable":true,"href":"https:\/\/globetimeline.com\/ar\/wp-json\/wp\/v2\/tags?post=245693"}],"curies":[{"name":"wp","href":"https:\/\/api.w.org\/{rel}","templated":true}]}}